{"id":93,"date":"2011-05-20T13:00:54","date_gmt":"2011-05-20T15:00:54","guid":{"rendered":"http:\/\/a3csif.org\/?p=93"},"modified":"2011-06-22T10:28:24","modified_gmt":"2011-06-22T12:28:24","slug":"nota-informativa-6-profesionales-de-la-television","status":"publish","type":"post","link":"https:\/\/csifaudiovisual.es\/?p=93","title":{"rendered":"NOTA INFORMATIVA 6 : PROFESIONALES DE LA TELEVISI\u00d3N"},"content":{"rendered":"<p>Desde siempre, mucho antes de que existiera esta secci\u00f3n sindical, sus miembros hemos le\u00eddo con expectaci\u00f3n y respeto todos los comunicados que fueron publicando nuestros compa\u00f1eros de CCOO. En la situaci\u00f3n actual, siendo nosotros alternativa sindical, los leemos con aun mayor atenci\u00f3n y respeto.<\/p>\n<p>Por eso queremos felicitarles por su comunicado de ayer, el de los fontaneros, m\u00e9dicos, etc. No pod\u00edan haber explicado mejor lo que en CSI-F somos o pretendemos ser: <strong>no somos profesionales del sindicalismo y la mayor\u00eda tenemos poca experiencia representando a los trabajadores. A eso a\u00f1adiremos que adem\u00e1s ninguno va a dedicar el 100% de sus horas de trabajo al sindicato<\/strong>.<\/p>\n<p>\u00bfY por qu\u00e9?\u00a0 Porque lo que realmente somos es <strong>profesionales de la televisi\u00f3n<\/strong>.<\/p>\n<p>Intentamos ser los mejores cada d\u00eda, sabemos de televisi\u00f3n y seguiremos estando todos los d\u00edas haciendo televisi\u00f3n. Eso nos permite <strong>vivir los problemas de esta empresa en primera persona y as\u00ed ayudar m\u00e1s eficazmente<\/strong>, desde la secci\u00f3n sindical, a solucionarlos.<\/p>\n<p>No queremos ser profesionales del sindicalismo. <strong>Queremos esforzarnos por sacar adelante esta empresa y solucionar los problemas de sus trabajadores. Y lo haremos con nuestro trabajo e ilusi\u00f3n personal y con la ayuda y asesor\u00eda de profesionales.<\/strong><\/p>\n<p style=\"text-align: center;\"><strong>\u00a1\u00a1RECUERDA!!<br \/>\nVIERNES 27. 11:30 H. SAL\u00d3N DE ACTOS<br \/>\nREUNI\u00d3N INFORMATIVA DE TRABAJADORES (ASAMBLEA)<br \/>\n\u00a1\u00a1INF\u00d3RMATE Y PARTICIPA EN EL CAMBIO!!<\/strong><\/p>\n<p>SECCI\u00d3N SINDICAL CSI-F ANTENA 3<br \/>\n<a href=\"mailto:info@a3csif.org\">info@a3csif.org<\/a><br \/>\n20\/05\/2011<\/p>\n","protected":false},"excerpt":{"rendered":"<p>Desde siempre, mucho antes de que existiera esta secci\u00f3n sindical, sus miembros hemos le\u00eddo con expectaci\u00f3n y respeto todos los comunicados que fueron publicando nuestros compa\u00f1eros de CCOO. En la <a href=\"https:\/\/csifaudiovisual.es\/?p=93\" class=\"read-more button-fancy -red\"><span class=\"btn-arrow\"><\/span><span class=\"twp-read-more text\">Seguir leyendo<\/span><\/a><\/p>\n","protected":false},"author":2,"featured_media":0,"comment_status":"open","ping_status":"closed","sticky":false,"template":"","format":"standard","meta":{"footnotes":""},"categories":[3],"tags":[],"class_list":["post-93","post","type-post","status-publish","format-standard","hentry","category-notas-informativas"],"_links":{"self":[{"href":"https:\/\/csifaudiovisual.es\/index.php?rest_route=\/wp\/v2\/posts\/93","targetHints":{"allow":["GET"]}}],"collection":[{"href":"https:\/\/csifaudiovisual.es\/index.php?rest_route=\/wp\/v2\/posts"}],"about":[{"href":"https:\/\/csifaudiovisual.es\/index.php?rest_route=\/wp\/v2\/types\/post"}],"author":[{"embeddable":true,"href":"https:\/\/csifaudiovisual.es\/index.php?rest_route=\/wp\/v2\/users\/2"}],"replies":[{"embeddable":true,"href":"https:\/\/csifaudiovisual.es\/index.php?rest_route=%2Fwp%2Fv2%2Fcomments&post=93"}],"version-history":[{"count":5,"href":"https:\/\/csifaudiovisual.es\/index.php?rest_route=\/wp\/v2\/posts\/93\/revisions"}],"predecessor-version":[{"id":175,"href":"https:\/\/csifaudiovisual.es\/index.php?rest_route=\/wp\/v2\/posts\/93\/revisions\/175"}],"wp:attachment":[{"href":"https:\/\/csifaudiovisual.es\/index.php?rest_route=%2Fwp%2Fv2%2Fmedia&parent=93"}],"wp:term":[{"taxonomy":"category","embeddable":true,"href":"https:\/\/csifaudiovisual.es\/index.php?rest_route=%2Fwp%2Fv2%2Fcategories&post=93"},{"taxonomy":"post_tag","embeddable":true,"href":"https:\/\/csifaudiovisual.es\/index.php?rest_route=%2Fwp%2Fv2%2Ftags&post=93"}],"curies":[{"name":"wp","href":"https:\/\/api.w.org\/{rel}","templated":true}]}}