{"id":719,"date":"2018-06-29T08:38:07","date_gmt":"2018-06-29T06:38:07","guid":{"rendered":"http:\/\/a3csif.org\/?p=719"},"modified":"2018-06-29T10:15:14","modified_gmt":"2018-06-29T08:15:14","slug":"csif-consigue-la-conversion-a-indefinido-de-casi-un-cuarto-de-la-plantilla","status":"publish","type":"post","link":"https:\/\/csifaudiovisual.es\/?p=719","title":{"rendered":"CSIF CONSIGUE LA CONVERSI\u00d3N A INDEFINIDO DE UN CUARTO DE LA PLANTILLA"},"content":{"rendered":"<div align=\"justify\">\n<div align=\"center\"><span style=\"font-family: 'Times New Roman', serif; color: #000080;\"><span style=\"font-family: Calibri, sans-serif; font-size: xx-large;\"><b>CSIF A3 NOTICIAS CONSIGUE M\u00c1S DE 70\u00a0CONTRATOS INDEFINIDOS<\/b><\/span><\/span><\/div>\n<div align=\"justify\"><span style=\"font-family: Times New Roman,serif;\"><span style=\"color: #002060; font-family: Calibri,sans-serif; font-size: small;\"><b>\u00a0<\/b><\/span><\/span><\/div>\n<div align=\"justify\"><span style=\"color: #000000;\"><span style=\"font-family: Calibri, sans-serif; font-size: large;\">En solo cuatro meses desde la constituci\u00f3n del Comit\u00e9 de Empresa, como consecuencia de las negociaciones que mantenemos con la Direcci\u00f3n, y la buena voluntad de ambas partes, podemos anunciaros que como primera medida se va a proceder a la\u00a0<\/span><span style=\"font-family: Calibri, sans-serif; font-size: large;\"><b>conversi\u00f3n de contratos por obra en\u00a0indefinidos de Antena 3 Noticias para\u00a0el 25% de la plantilla<\/b><\/span><span style=\"font-family: Calibri, sans-serif; font-size: large;\">, respetando la antig\u00fcedad del contrato ya existente.<\/span><\/span><\/div>\n<div align=\"justify\"><span style=\"color: #000000; font-family: Calibri, sans-serif; font-size: large;\">\u00a0<\/span><\/div>\n<div align=\"justify\"><span style=\"color: #000000; font-family: Calibri, sans-serif; font-size: large;\">Todos los trabajadores que cumplen con los requisitos legales se beneficiar\u00e1n de este primer acuerdo, que no va a ser el \u00faltimo antes del fin del verano, porque seguimos negociando durante el mes de julio para mejorar las condiciones laborales.<\/span><\/div>\n<div align=\"justify\"><span style=\"color: #000000; font-family: Calibri, sans-serif; font-size: large;\">\u00a0<\/span><\/div>\n<div align=\"justify\"><span style=\"color: #000000; font-family: Calibri, sans-serif; font-size: large;\">No va a ser necesario que firm\u00e9is ning\u00fan documento, y si necesit\u00e1is cualquier informaci\u00f3n adicional contactad con el Comit\u00e9 de Empresa CSIF.<\/span><\/div>\n<div align=\"justify\">\n<div align=\"justify\"><span style=\"color: #000000; font-family: Calibri, sans-serif; font-size: large;\">La independencia de CSIF Audiovisual, y nuestra condici\u00f3n de sindicato mayoritario en el centro de trabajo Atresmedia, coordinado en los Comit\u00e9s de Empresa de Antena 3 Noticias, Atresmedia, Eum\u00f3vil y Look &amp; Feel, est\u00e1 a vuestro servicio.<\/span><\/div>\n<div align=\"center\"><span style=\"color: #333333; font-family: Calibri, sans-serif; font-size: x-large;\"><b>\u00a0<\/b><\/span><\/div>\n<div align=\"center\"><span style=\"color: #333333; font-family: Calibri, sans-serif; font-size: x-large;\"><b>Felicidades a tod@s<\/b><\/span><\/div>\n<div align=\"justify\"><span style=\"color: #333333; font-family: Calibri, sans-serif; font-size: small;\">\u00a0<\/span><\/div>\n<div align=\"justify\"><span style=\"color: #333333; font-family: Calibri, sans-serif; font-size: small;\">\u00a0<\/span><\/div>\n<div align=\"right\"><span style=\"font-family: 'Times New Roman', serif; color: #333333;\"><span style=\"font-family: Calibri, sans-serif;\">\u00a0<\/span><span style=\"font-family: Calibri, sans-serif;\"><b>COMIT\u00c9 DE EMPRESA Y SECCI\u00d3N SINDICAL CSIF ANTENA 3 NOTICIAS<\/b><\/span><\/span><\/div>\n<div align=\"right\"><span style=\"font-family: 'Times New Roman', serif; color: #333333;\"><span style=\"font-family: Calibri, sans-serif;\"><b>29\/6\/18<\/b><\/span><\/span><\/div>\n<div align=\"right\"><span style=\"font-family: 'Times New Roman', serif; color: #333333;\"><span style=\"font-family: Calibri, sans-serif;\"><b>\u00a0<\/b><\/span><\/span><\/div>\n<div><span style=\"color: #333333;\"><a style=\"color: #333333;\" href=\"mailto:csifa3n@antena3tv.es\" target=\"_blank\" rel=\"noopener\"><span style=\"font-family: Calibri, sans-serif;\">csifa3n@antena3tv.es<\/span><\/a><\/span><\/div>\n<div><span style=\"color: #333333; font-family: Calibri, sans-serif;\"><b>916230385<\/b><\/span><\/div>\n<\/div>\n<\/div>\n","protected":false},"excerpt":{"rendered":"<p>CSIF A3 NOTICIAS CONSIGUE M\u00c1S DE 70\u00a0CONTRATOS INDEFINIDOS \u00a0 En solo cuatro meses desde la constituci\u00f3n del Comit\u00e9 de Empresa, como consecuencia de las negociaciones que mantenemos con la Direcci\u00f3n, <a href=\"https:\/\/csifaudiovisual.es\/?p=719\" class=\"read-more button-fancy -red\"><span class=\"btn-arrow\"><\/span><span class=\"twp-read-more text\">Seguir leyendo<\/span><\/a><\/p>\n","protected":false},"author":2,"featured_media":0,"comment_status":"open","ping_status":"closed","sticky":false,"template":"","format":"standard","meta":{"footnotes":""},"categories":[1],"tags":[],"class_list":["post-719","post","type-post","status-publish","format-standard","hentry","category-noticias"],"_links":{"self":[{"href":"https:\/\/csifaudiovisual.es\/index.php?rest_route=\/wp\/v2\/posts\/719","targetHints":{"allow":["GET"]}}],"collection":[{"href":"https:\/\/csifaudiovisual.es\/index.php?rest_route=\/wp\/v2\/posts"}],"about":[{"href":"https:\/\/csifaudiovisual.es\/index.php?rest_route=\/wp\/v2\/types\/post"}],"author":[{"embeddable":true,"href":"https:\/\/csifaudiovisual.es\/index.php?rest_route=\/wp\/v2\/users\/2"}],"replies":[{"embeddable":true,"href":"https:\/\/csifaudiovisual.es\/index.php?rest_route=%2Fwp%2Fv2%2Fcomments&post=719"}],"version-history":[{"count":3,"href":"https:\/\/csifaudiovisual.es\/index.php?rest_route=\/wp\/v2\/posts\/719\/revisions"}],"predecessor-version":[{"id":722,"href":"https:\/\/csifaudiovisual.es\/index.php?rest_route=\/wp\/v2\/posts\/719\/revisions\/722"}],"wp:attachment":[{"href":"https:\/\/csifaudiovisual.es\/index.php?rest_route=%2Fwp%2Fv2%2Fmedia&parent=719"}],"wp:term":[{"taxonomy":"category","embeddable":true,"href":"https:\/\/csifaudiovisual.es\/index.php?rest_route=%2Fwp%2Fv2%2Fcategories&post=719"},{"taxonomy":"post_tag","embeddable":true,"href":"https:\/\/csifaudiovisual.es\/index.php?rest_route=%2Fwp%2Fv2%2Ftags&post=719"}],"curies":[{"name":"wp","href":"https:\/\/api.w.org\/{rel}","templated":true}]}}