{"id":715,"date":"2018-06-07T12:31:25","date_gmt":"2018-06-07T10:31:25","guid":{"rendered":"http:\/\/a3csif.org\/?p=715"},"modified":"2018-06-07T12:31:25","modified_gmt":"2018-06-07T10:31:25","slug":"antena-3-noticias-negociaciones-con-la-direccion-y-propuestas-de-csif","status":"publish","type":"post","link":"https:\/\/csifaudiovisual.es\/?p=715","title":{"rendered":"ANTENA 3 NOTICIAS: NEGOCIACIONES CON LA DIRECCI\u00d3N Y PROPUESTAS DE CSIF"},"content":{"rendered":"<p><a href=\"https:\/\/csifaudiovisual.es\/wp-content\/uploads\/2018\/02\/csifa3n3.jpg\"><img loading=\"lazy\" decoding=\"async\" class=\"aligncenter  wp-image-662\" src=\"https:\/\/csifaudiovisual.es\/wp-content\/uploads\/2018\/02\/csifa3n3.jpg\" alt=\"\" width=\"128\" height=\"128\" srcset=\"https:\/\/csifaudiovisual.es\/wp-content\/uploads\/2018\/02\/csifa3n3.jpg 417w, https:\/\/csifaudiovisual.es\/wp-content\/uploads\/2018\/02\/csifa3n3-150x150.jpg 150w, https:\/\/csifaudiovisual.es\/wp-content\/uploads\/2018\/02\/csifa3n3-300x300.jpg 300w\" sizes=\"auto, (max-width: 128px) 100vw, 128px\" \/><\/a><\/p>\n<p>El martes 5 de junio, una vez constituidas oficialmente las comisiones de trabajo, mantuvimos la primera reuni\u00f3n de la Comisi\u00f3n de Interpretaci\u00f3n y Vigilancia del Convenio.<\/p>\n<p>En ella trasladamos a la Empresa las medidas que consideramos m\u00e1s urgentes. Con manifiesta voluntad de entendimiento por ambas partes, se comprometieron a darnos respuesta lo antes posible a las propuestas organizativas, y trabajar conjuntamente en los temas que pueden suponer un mayor impacto econ\u00f3mico.<\/p>\n<p>A continuaci\u00f3n transcribimos el documento que entregamos y sobre el que debatimos con detalle.<\/p>\n<p><strong>PROPUESTAS DE OPTIMIZACI\u00d3N DEL CONVENIO AL TRABAJO DE LA EMPRESA<\/strong><\/p>\n<p><strong>REGULACI\u00d3N DE FUNCIONES Y CATEGOR\u00cdAS PROFESIONALES<\/strong><\/p>\n<p style=\"padding-left: 30px;\">Regulaci\u00f3n y adecuaci\u00f3n de funciones y categor\u00edas<\/p>\n<p style=\"padding-left: 30px;\">Regulaci\u00f3n y vigilancia de funciones de los becarios<\/p>\n<p><strong>REGULACI\u00d3N DE JORNADA Y TURNOS DE TRABAJO<\/strong><\/p>\n<p style=\"padding-left: 30px;\">Jornada<\/p>\n<p style=\"padding-left: 30px;\">Trabajo a turnos y nocturno<\/p>\n<p style=\"padding-left: 30px;\">Plus Disponibilidad<\/p>\n<p style=\"padding-left: 30px;\">Horas Extraordinarias<\/p>\n<p style=\"padding-left: 30px;\">Pacto de rodaje para viajes<\/p>\n<p style=\"padding-left: 30px;\">Jornadas de trabajo denominadas como \u201cGuardias\u201d<\/p>\n<p><strong>EQUIPARACI\u00d3N DE CONDICIONES CON LIQUID MEDIA<\/strong><\/p>\n<p><strong>COMPENSACI\u00d3N Y ABSORCI\u00d3N<\/strong><\/p>\n<p><strong>PLAN DE PREJUBILACIONES Y DESVINCULACIONES INCENTIVADAS<\/strong><\/p>\n<p><strong>REVISI\u00d3N Y ACTUALIZACI\u00d3N DE LOS CONTRATOS POR OBRA Y SERVICIO EN ANTENA 3 NOTICIAS<\/strong><\/p>\n<p><strong>\u00a0<\/strong>Os mantendremos informados de todo lo que se vaya produciendo.<\/p>\n<p style=\"text-align: right;\"><strong>COMIT\u00c9 DE EMPRESA Y SECCI\u00d3N SINDICAL CSIF ANTENA 3 NOTICIAS<\/strong><\/p>\n<p style=\"text-align: right;\"><strong>6\/6\/18<\/strong><\/p>\n","protected":false},"excerpt":{"rendered":"<p>El martes 5 de junio, una vez constituidas oficialmente las comisiones de trabajo, mantuvimos la primera reuni\u00f3n de la Comisi\u00f3n de Interpretaci\u00f3n y Vigilancia del Convenio. En ella trasladamos a <a href=\"https:\/\/csifaudiovisual.es\/?p=715\" class=\"read-more button-fancy -red\"><span class=\"btn-arrow\"><\/span><span class=\"twp-read-more text\">Seguir leyendo<\/span><\/a><\/p>\n","protected":false},"author":2,"featured_media":0,"comment_status":"open","ping_status":"closed","sticky":false,"template":"","format":"standard","meta":{"footnotes":""},"categories":[1],"tags":[],"class_list":["post-715","post","type-post","status-publish","format-standard","hentry","category-noticias"],"_links":{"self":[{"href":"https:\/\/csifaudiovisual.es\/index.php?rest_route=\/wp\/v2\/posts\/715","targetHints":{"allow":["GET"]}}],"collection":[{"href":"https:\/\/csifaudiovisual.es\/index.php?rest_route=\/wp\/v2\/posts"}],"about":[{"href":"https:\/\/csifaudiovisual.es\/index.php?rest_route=\/wp\/v2\/types\/post"}],"author":[{"embeddable":true,"href":"https:\/\/csifaudiovisual.es\/index.php?rest_route=\/wp\/v2\/users\/2"}],"replies":[{"embeddable":true,"href":"https:\/\/csifaudiovisual.es\/index.php?rest_route=%2Fwp%2Fv2%2Fcomments&post=715"}],"version-history":[{"count":1,"href":"https:\/\/csifaudiovisual.es\/index.php?rest_route=\/wp\/v2\/posts\/715\/revisions"}],"predecessor-version":[{"id":716,"href":"https:\/\/csifaudiovisual.es\/index.php?rest_route=\/wp\/v2\/posts\/715\/revisions\/716"}],"wp:attachment":[{"href":"https:\/\/csifaudiovisual.es\/index.php?rest_route=%2Fwp%2Fv2%2Fmedia&parent=715"}],"wp:term":[{"taxonomy":"category","embeddable":true,"href":"https:\/\/csifaudiovisual.es\/index.php?rest_route=%2Fwp%2Fv2%2Fcategories&post=715"},{"taxonomy":"post_tag","embeddable":true,"href":"https:\/\/csifaudiovisual.es\/index.php?rest_route=%2Fwp%2Fv2%2Ftags&post=715"}],"curies":[{"name":"wp","href":"https:\/\/api.w.org\/{rel}","templated":true}]}}