{"id":699,"date":"2018-04-26T14:33:36","date_gmt":"2018-04-26T12:33:36","guid":{"rendered":"http:\/\/a3csif.org\/?p=699"},"modified":"2018-04-26T14:34:10","modified_gmt":"2018-04-26T12:34:10","slug":"699","status":"publish","type":"post","link":"https:\/\/csifaudiovisual.es\/?p=699","title":{"rendered":"PRIMERAS REUNIONES CON LA DIRECCI\u00d3N DE ATRESMEDIA"},"content":{"rendered":"<p><a href=\"https:\/\/csifaudiovisual.es\/wp-content\/uploads\/2018\/04\/ENCABEZADO-MAIL-A3N.jpg\"><img loading=\"lazy\" decoding=\"async\" class=\"size-full wp-image-701 aligncenter\" src=\"https:\/\/csifaudiovisual.es\/wp-content\/uploads\/2018\/04\/ENCABEZADO-MAIL-A3N.jpg\" alt=\"\" width=\"580\" height=\"122\" srcset=\"https:\/\/csifaudiovisual.es\/wp-content\/uploads\/2018\/04\/ENCABEZADO-MAIL-A3N.jpg 580w, https:\/\/csifaudiovisual.es\/wp-content\/uploads\/2018\/04\/ENCABEZADO-MAIL-A3N-300x63.jpg 300w\" sizes=\"auto, (max-width: 580px) 100vw, 580px\" \/><\/a><\/p>\n<p style=\"text-align: left;\">El jueves 12 de abril, mantuvimos la primera reuni\u00f3n con la Direcci\u00f3n de la Compa\u00f1\u00eda. En ella estuvimos presentes, por parte de CSIF: Presidente Nacional de CSIF:\u00a0Miguel Borra, Jefe del Gabinete de Comunicaci\u00f3n de CSIF:\u00a0Juan Jos\u00e9 San Miguel, Presidente del Comit\u00e9 de Empresa A3Noticias: Jos\u00e9 Luis Leandro, Secretaria del Comit\u00e9 de Empresa A3Noticias: Olga Bascu\u00f1ana, Coordinador CSIF Medios Audiovisuales: Carlos Valverde.<\/p>\n<p style=\"text-align: left;\">Por parte de la Direcci\u00f3n: Directora General Corporativa Grupo Atresmedia: Patricia P\u00e9rez, Director General A3Noticias: Santiago Gonz\u00e1lez, Director Recursos Humanos Grupo Atresmedia: Lucio Fern\u00e1ndez.<\/p>\n<p style=\"text-align: left;\">Desde CSIF, con el respaldo del Presidente Nacional, manifestamos nuestro car\u00e1cter independiente, transparente y dialogante a la par que firme, sin otro inter\u00e9s que la mejora de las condiciones laborales de los trabajadores de Antena 3 Noticias.<\/p>\n<p style=\"text-align: left;\">As\u00ed mismo, nos mostramos como una soluci\u00f3n, y no como un problema para la Empresa, con el \u00e1nimo de colaborar en los buenos resultados de Antena 3 Noticias, como siempre hemos hecho los profesionales que la componemos, y que participemos de ese buen hacer, a trav\u00e9s de mejoras en nuestras condiciones laborales, y la soluci\u00f3n de los problemas que pueden existir.<\/p>\n<p style=\"text-align: left;\">La Direcci\u00f3n de Atresmedia y Antena 3 Noticias, nos transmiti\u00f3 su satisfacci\u00f3n ante nuestro planteamiento, y su inter\u00e9s en llegar a acuerdos que beneficien a ambas partes, sin por ello situarnos en una posici\u00f3n de p\u00e9rdida de competitividad en un entorno cambiante.<\/p>\n<p style=\"text-align: left;\">Todos convinimos que debemos crecer desde los puntos en los que estemos de acuerdo, y no encallarnos en los desencuentros, que inevitablemente existir\u00e1n, pero se deber\u00e1n resolver sin perjuicio de seguir trabajando en mejorar el bienestar de las PERSONAS, que somos el principal valor del Grupo Atresmedia.<\/p>\n<p style=\"text-align: left;\">El martes 17 de abril, mantuvimos una reuni\u00f3n con el Director de RRHH, en la que acordamos el compromiso de constituir las comisiones de trabajo que les solicitamos (Interpretaci\u00f3n del Convenio, Prevenci\u00f3n, Formaci\u00f3n e Igualdad y Conciliaci\u00f3n), cuyo documento anexamos. Es fundamental sentar unas bases s\u00f3lidas con estos \u00f3rganos, para mejorar las condiciones de una forma seria y transparente.<\/p>\n<p><a href=\"https:\/\/csifaudiovisual.es\/wp-content\/uploads\/2018\/04\/20180417-Acuerdos-Comit\u00e9-RRHH-A3N.pdf\">20180417 Acuerdos Comit\u00e9 RRHH A3N<\/a><\/p>\n<p>Las fechas acordadas para la constituci\u00f3n de cada comisi\u00f3n son: Prevenci\u00f3n, 8 de mayo. Formaci\u00f3n, 10 de mayo. Vigilancia e Interpretaci\u00f3n del Convenio, 17 de mayo. Igualdad y Conciliaci\u00f3n, 18 de mayo.<\/p>\n<p style=\"text-align: left;\">Estamos consiguiendo que los plazos sean mucho m\u00e1s r\u00e1pidos que en otros Comit\u00e9s de Empresa del Grupo Atresmedia, y esperamos que los frutos del trabajo comiencen a verse lo antes posible. Os mantendremos informados de todo.<\/p>\n<p><strong>COMIT\u00c9 DE EMPRESA Y SECCI\u00d3N SINDICAL CSIF ANTENA 3 NOTICIAS<\/strong><br \/>\n<strong>19\/4\/18<\/strong><\/p>\n<p>&nbsp;<\/p>\n","protected":false},"excerpt":{"rendered":"<p>El jueves 12 de abril, mantuvimos la primera reuni\u00f3n con la Direcci\u00f3n de la Compa\u00f1\u00eda. En ella estuvimos presentes, por parte de CSIF: Presidente Nacional de CSIF:\u00a0Miguel Borra, Jefe del <a href=\"https:\/\/csifaudiovisual.es\/?p=699\" class=\"read-more button-fancy -red\"><span class=\"btn-arrow\"><\/span><span class=\"twp-read-more text\">Seguir leyendo<\/span><\/a><\/p>\n","protected":false},"author":2,"featured_media":0,"comment_status":"open","ping_status":"closed","sticky":false,"template":"","format":"standard","meta":{"footnotes":""},"categories":[1],"tags":[],"class_list":["post-699","post","type-post","status-publish","format-standard","hentry","category-noticias"],"_links":{"self":[{"href":"https:\/\/csifaudiovisual.es\/index.php?rest_route=\/wp\/v2\/posts\/699","targetHints":{"allow":["GET"]}}],"collection":[{"href":"https:\/\/csifaudiovisual.es\/index.php?rest_route=\/wp\/v2\/posts"}],"about":[{"href":"https:\/\/csifaudiovisual.es\/index.php?rest_route=\/wp\/v2\/types\/post"}],"author":[{"embeddable":true,"href":"https:\/\/csifaudiovisual.es\/index.php?rest_route=\/wp\/v2\/users\/2"}],"replies":[{"embeddable":true,"href":"https:\/\/csifaudiovisual.es\/index.php?rest_route=%2Fwp%2Fv2%2Fcomments&post=699"}],"version-history":[{"count":2,"href":"https:\/\/csifaudiovisual.es\/index.php?rest_route=\/wp\/v2\/posts\/699\/revisions"}],"predecessor-version":[{"id":704,"href":"https:\/\/csifaudiovisual.es\/index.php?rest_route=\/wp\/v2\/posts\/699\/revisions\/704"}],"wp:attachment":[{"href":"https:\/\/csifaudiovisual.es\/index.php?rest_route=%2Fwp%2Fv2%2Fmedia&parent=699"}],"wp:term":[{"taxonomy":"category","embeddable":true,"href":"https:\/\/csifaudiovisual.es\/index.php?rest_route=%2Fwp%2Fv2%2Fcategories&post=699"},{"taxonomy":"post_tag","embeddable":true,"href":"https:\/\/csifaudiovisual.es\/index.php?rest_route=%2Fwp%2Fv2%2Ftags&post=699"}],"curies":[{"name":"wp","href":"https:\/\/api.w.org\/{rel}","templated":true}]}}