{"id":696,"date":"2018-04-06T15:00:19","date_gmt":"2018-04-06T13:00:19","guid":{"rendered":"http:\/\/a3csif.org\/?p=696"},"modified":"2018-04-06T15:00:19","modified_gmt":"2018-04-06T13:00:19","slug":"csif-eumovil-gracias-por-vuestra-confianza-hay-mucho-por-hacer","status":"publish","type":"post","link":"https:\/\/csifaudiovisual.es\/?p=696","title":{"rendered":"CSIF EUM\u00d3VIL: GRACIAS POR VUESTRA CONFIANZA, HAY MUCHO POR HACER"},"content":{"rendered":"<p><span style=\"color: #000080;\">Tras las elecciones sindicales parciales del pasado 28 de marzo, os damos las gracias por confiar en nosotros, y convertirnos en la segunda opci\u00f3n m\u00e1s votada.<\/span><\/p>\n<p><span style=\"color: #000080;\">Somos conscientes de que hay MUCHO POR HACER, y desde la independencia de la Secci\u00f3n Sindical de CSIF Eum\u00f3vil, pero con la coordinaci\u00f3n y el apoyo de CSIF AUDIOVISUAL, ya implantados en Atresmedia y Antena 3 Noticias, somos m\u00e1s fuertes.<\/span><\/p>\n<p><span style=\"color: #000080;\">Para que nos transmit\u00e1is vuestros problemas, inquietudes e ideas, y as\u00ed poder defender vuestros derechos conoci\u00e9ndolos de primera mano, pod\u00e9is contactar con nosotros a trav\u00e9s de nuestro Delegado en el Comit\u00e9 de Empresa, Juan Antonio V\u00edlchez, nuestros candidatos y afiliados, o en la oficina central de CSIF AUDIOVISUAL, que se encuentra en la antigua Betacart dentro de Atresmedia, atendida por el Coordinador de CSIF Medios Audiovisuales.<\/span><\/p>\n<p><span style=\"color: #000080;\">En nuestra web y redes sociales haremos p\u00fablico puntualmente todo lo que acontezca, as\u00ed como las actas de las reuniones del Comit\u00e9 y con la empresa. \u00c9sta es una de las se\u00f1as de identidad de CSIF, la transparencia.<\/span><\/p>\n<p><span style=\"color: #000080;\">Estamos a vuestra disposici\u00f3n para todo lo que necesit\u00e9is, para merecer que cada vez m\u00e1s compa\u00f1eros os sum\u00e9is a decir:<\/span><\/p>\n<p><span style=\"color: #000080;\">#YOHAGOCSIF<\/span><\/p>\n<p><span style=\"color: #000080;\">csifeumovil@gmail.com<\/span><br \/>\n<span style=\"color: #000080;\">Twitter: @csifeumovil<\/span><br \/>\n<span style=\"color: #000080;\">916230385<\/span><\/p>\n","protected":false},"excerpt":{"rendered":"<p>Tras las elecciones sindicales parciales del pasado 28 de marzo, os damos las gracias por confiar en nosotros, y convertirnos en la segunda opci\u00f3n m\u00e1s votada. Somos conscientes de que <a href=\"https:\/\/csifaudiovisual.es\/?p=696\" class=\"read-more button-fancy -red\"><span class=\"btn-arrow\"><\/span><span class=\"twp-read-more text\">Seguir leyendo<\/span><\/a><\/p>\n","protected":false},"author":2,"featured_media":0,"comment_status":"open","ping_status":"closed","sticky":false,"template":"","format":"standard","meta":{"footnotes":""},"categories":[1],"tags":[],"class_list":["post-696","post","type-post","status-publish","format-standard","hentry","category-noticias"],"_links":{"self":[{"href":"https:\/\/csifaudiovisual.es\/index.php?rest_route=\/wp\/v2\/posts\/696","targetHints":{"allow":["GET"]}}],"collection":[{"href":"https:\/\/csifaudiovisual.es\/index.php?rest_route=\/wp\/v2\/posts"}],"about":[{"href":"https:\/\/csifaudiovisual.es\/index.php?rest_route=\/wp\/v2\/types\/post"}],"author":[{"embeddable":true,"href":"https:\/\/csifaudiovisual.es\/index.php?rest_route=\/wp\/v2\/users\/2"}],"replies":[{"embeddable":true,"href":"https:\/\/csifaudiovisual.es\/index.php?rest_route=%2Fwp%2Fv2%2Fcomments&post=696"}],"version-history":[{"count":1,"href":"https:\/\/csifaudiovisual.es\/index.php?rest_route=\/wp\/v2\/posts\/696\/revisions"}],"predecessor-version":[{"id":697,"href":"https:\/\/csifaudiovisual.es\/index.php?rest_route=\/wp\/v2\/posts\/696\/revisions\/697"}],"wp:attachment":[{"href":"https:\/\/csifaudiovisual.es\/index.php?rest_route=%2Fwp%2Fv2%2Fmedia&parent=696"}],"wp:term":[{"taxonomy":"category","embeddable":true,"href":"https:\/\/csifaudiovisual.es\/index.php?rest_route=%2Fwp%2Fv2%2Fcategories&post=696"},{"taxonomy":"post_tag","embeddable":true,"href":"https:\/\/csifaudiovisual.es\/index.php?rest_route=%2Fwp%2Fv2%2Ftags&post=696"}],"curies":[{"name":"wp","href":"https:\/\/api.w.org\/{rel}","templated":true}]}}