{"id":685,"date":"2018-03-05T16:07:16","date_gmt":"2018-03-05T15:07:16","guid":{"rendered":"http:\/\/a3csif.org\/?p=685"},"modified":"2018-03-05T16:07:36","modified_gmt":"2018-03-05T15:07:36","slug":"685","status":"publish","type":"post","link":"https:\/\/csifaudiovisual.es\/?p=685","title":{"rendered":"CSIF POR LA IGUALDAD"},"content":{"rendered":"<p><a href=\"https:\/\/csifaudiovisual.es\/wp-content\/uploads\/2018\/03\/membrete-conjunto.jpg\"><img loading=\"lazy\" decoding=\"async\" class=\"aligncenter size-full wp-image-686\" src=\"https:\/\/csifaudiovisual.es\/wp-content\/uploads\/2018\/03\/membrete-conjunto.jpg\" alt=\"\" width=\"570\" height=\"142\" srcset=\"https:\/\/csifaudiovisual.es\/wp-content\/uploads\/2018\/03\/membrete-conjunto.jpg 570w, https:\/\/csifaudiovisual.es\/wp-content\/uploads\/2018\/03\/membrete-conjunto-300x75.jpg 300w\" sizes=\"auto, (max-width: 570px) 100vw, 570px\" \/><\/a><\/p>\n<p style=\"text-align: center; background: white; vertical-align: baseline; margin: 0cm 21.15pt .0001pt 0cm;\" align=\"center\"><b><u><span style=\"font-size: 28.0pt; font-family: 'Calibri','sans-serif'; color: #002060;\">CSIF POR LA IGUALDAD<\/span><\/u><\/b><\/p>\n<p style=\"text-align: justify; background: white; vertical-align: baseline; margin: 0cm 21.15pt .0001pt 0cm;\"><span style=\"font-size: 18.0pt; font-family: 'Calibri','sans-serif'; color: #002060;\">\u00a0<\/span><\/p>\n<p style=\"text-align: justify; background: white; vertical-align: baseline; margin: 0cm 21.15pt .0001pt 0cm;\"><span style=\"font-size: 18.0pt; font-family: 'Calibri','sans-serif'; color: #002060;\">Desde las Secciones Sindicales de CSIF en Atresmedia y Antena 3 Noticias, reivindicamos la IGUALDAD en todos los \u00e1mbitos.<\/span><\/p>\n<p style=\"text-align: justify; background: white; vertical-align: baseline; margin: 0cm 21.15pt .0001pt 0cm;\"><span style=\"font-size: 18.0pt; font-family: 'Calibri','sans-serif'; color: #002060;\">\u00a0<\/span><\/p>\n<p style=\"text-align: justify; background: white; vertical-align: baseline; margin: 0cm 21.15pt .0001pt 0cm;\"><span style=\"font-size: 18.0pt; font-family: 'Calibri','sans-serif'; color: #002060;\">En CSIF entendemos que como sindicato, nuestra obligaci\u00f3n es firmar Convenios y Planes de Igualdad y Conciliaci\u00f3n que garanticen la igualdad de oportunidades, as\u00ed como velar por su cumplimiento en las empresas TODOS LOS D\u00cdAS, como hemos hecho en Atresmedia y ya hemos solicitado en Antena 3 Noticias.<\/span><\/p>\n<p style=\"text-align: justify; background: white; vertical-align: baseline; margin: 0cm 21.15pt .0001pt 0cm;\"><span style=\"font-size: 18.0pt; font-family: 'Calibri','sans-serif'; color: #002060;\">\u00a0<\/span><\/p>\n<p style=\"text-align: justify; background: white; vertical-align: baseline; margin: 0cm 21.15pt .0001pt 0cm;\"><span style=\"font-size: 18.0pt; font-family: 'Calibri','sans-serif'; color: #002060;\">Creemos que esta es la manera con que un sindicato moderno e independiente, debe forzar a los pol\u00edticos para a legislar de una forma acorde a la raz\u00f3n, junto con las denuncias que CSIF est\u00e1 presentando en la Administraci\u00f3n por motivos de brechas salariales.<\/span><\/p>\n<p style=\"text-align: justify; background: white; vertical-align: baseline; margin: 0cm 21.15pt .0001pt 0cm;\"><span style=\"font-size: 18.0pt; font-family: 'Calibri','sans-serif'; color: #002060;\">\u00a0<\/span><\/p>\n<p style=\"text-align: justify; background: white; vertical-align: baseline; margin: 0cm 21.15pt .0001pt 0cm;\"><span style=\"font-size: 18.0pt; font-family: 'Calibri','sans-serif'; color: #002060;\">CSIF no es convocante de la huelga, pero como siempre, respetamos el derecho a la huelga y al trabajo del individuo, y convocamos una concentraci\u00f3n de 11:30 a 11:45 el 8 de marzo en la puerta principal, para mostrar nuestro desacuerdo con las pr\u00e1cticas de desigualdad.<\/span><\/p>\n<p class=\"xmsonormal\" style=\"margin-right: 21.15pt; text-align: justify; background: white;\"><span style=\"font-size: 14.0pt; font-family: 'Calibri','sans-serif'; color: #002060;\">\u00a0<\/span><\/p>\n<p style=\"margin: 0cm 21.15pt .0001pt 0cm;\"><span style=\"font-family: 'Calibri','sans-serif'; color: #002060;\"><a href=\"mailto:csi-f@antena3tv.es\"><span style=\"color: #002060;\">csi-f@antena3tv.es<\/span><\/a><\/span><\/p>\n<p style=\"margin: 0cm 21.15pt .0001pt 0cm;\"><a href=\"mailto:csifa3n@antena3tv.es\"><span style=\"font-family: 'Calibri','sans-serif'; color: #002060;\">csifa3n@antena3tv.es<\/span><\/a><\/p>\n<p style=\"margin: 0cm 21.15pt .0001pt 0cm;\"><a href=\"mailto:a3csif@gmail.com\"><strong><span style=\"font-family: 'Calibri','sans-serif'; color: #002060; font-weight: normal;\">a3csif@gmail.com<\/span><\/strong><\/a><\/p>\n<p style=\"margin: 0cm 21.15pt .0001pt 0cm;\"><strong><span style=\"font-family: 'Calibri','sans-serif'; color: #002060; font-weight: normal;\">916230385<\/span><\/strong><\/p>\n<p style=\"text-align: right; margin: 0cm 21.15pt .0001pt 0cm;\" align=\"right\"><strong><span style=\"font-family: 'Calibri','sans-serif'; color: #002060;\">SECCIONES SINDICALES CSIF<\/span><\/strong><\/p>\n<p style=\"text-align: right; margin: 0cm 21.15pt .0001pt 0cm;\" align=\"right\"><strong><span style=\"font-family: 'Calibri','sans-serif'; color: #002060;\">ATRESMEDIA<\/span><\/strong><\/p>\n<p style=\"text-align: right; margin: 0cm 21.15pt .0001pt 0cm;\" align=\"right\"><strong><span style=\"font-family: 'Calibri','sans-serif'; color: #002060;\">ANTENA 3 NOTICIAS<\/span><\/strong><\/p>\n<p style=\"text-align: right; margin: 0cm 21.15pt .0001pt 0cm;\" align=\"right\"><strong><span style=\"font-family: 'Calibri','sans-serif'; color: #002060;\">5\/3\/18<\/span><\/strong><\/p>\n<p style=\"text-align: center;\" align=\"right\"><a href=\"https:\/\/csifaudiovisual.es\/wp-content\/uploads\/2018\/03\/8MARZO.jpg\"><img loading=\"lazy\" decoding=\"async\" class=\"aligncenter size-full wp-image-687\" src=\"https:\/\/csifaudiovisual.es\/wp-content\/uploads\/2018\/03\/8MARZO.jpg\" alt=\"\" width=\"720\" height=\"960\" srcset=\"https:\/\/csifaudiovisual.es\/wp-content\/uploads\/2018\/03\/8MARZO.jpg 720w, https:\/\/csifaudiovisual.es\/wp-content\/uploads\/2018\/03\/8MARZO-225x300.jpg 225w\" sizes=\"auto, (max-width: 720px) 100vw, 720px\" \/><\/a><\/p>\n","protected":false},"excerpt":{"rendered":"<p>CSIF POR LA IGUALDAD \u00a0 Desde las Secciones Sindicales de CSIF en Atresmedia y Antena 3 Noticias, reivindicamos la IGUALDAD en todos los \u00e1mbitos. \u00a0 En CSIF entendemos que como <a href=\"https:\/\/csifaudiovisual.es\/?p=685\" class=\"read-more button-fancy -red\"><span class=\"btn-arrow\"><\/span><span class=\"twp-read-more text\">Seguir leyendo<\/span><\/a><\/p>\n","protected":false},"author":2,"featured_media":0,"comment_status":"open","ping_status":"closed","sticky":false,"template":"","format":"standard","meta":{"footnotes":""},"categories":[1],"tags":[],"class_list":["post-685","post","type-post","status-publish","format-standard","hentry","category-noticias"],"_links":{"self":[{"href":"https:\/\/csifaudiovisual.es\/index.php?rest_route=\/wp\/v2\/posts\/685","targetHints":{"allow":["GET"]}}],"collection":[{"href":"https:\/\/csifaudiovisual.es\/index.php?rest_route=\/wp\/v2\/posts"}],"about":[{"href":"https:\/\/csifaudiovisual.es\/index.php?rest_route=\/wp\/v2\/types\/post"}],"author":[{"embeddable":true,"href":"https:\/\/csifaudiovisual.es\/index.php?rest_route=\/wp\/v2\/users\/2"}],"replies":[{"embeddable":true,"href":"https:\/\/csifaudiovisual.es\/index.php?rest_route=%2Fwp%2Fv2%2Fcomments&post=685"}],"version-history":[{"count":2,"href":"https:\/\/csifaudiovisual.es\/index.php?rest_route=\/wp\/v2\/posts\/685\/revisions"}],"predecessor-version":[{"id":689,"href":"https:\/\/csifaudiovisual.es\/index.php?rest_route=\/wp\/v2\/posts\/685\/revisions\/689"}],"wp:attachment":[{"href":"https:\/\/csifaudiovisual.es\/index.php?rest_route=%2Fwp%2Fv2%2Fmedia&parent=685"}],"wp:term":[{"taxonomy":"category","embeddable":true,"href":"https:\/\/csifaudiovisual.es\/index.php?rest_route=%2Fwp%2Fv2%2Fcategories&post=685"},{"taxonomy":"post_tag","embeddable":true,"href":"https:\/\/csifaudiovisual.es\/index.php?rest_route=%2Fwp%2Fv2%2Ftags&post=685"}],"curies":[{"name":"wp","href":"https:\/\/api.w.org\/{rel}","templated":true}]}}