{"id":661,"date":"2018-02-12T15:44:13","date_gmt":"2018-02-12T14:44:13","guid":{"rendered":"http:\/\/a3csif.org\/?p=661"},"modified":"2018-02-12T15:44:31","modified_gmt":"2018-02-12T14:44:31","slug":"661","status":"publish","type":"post","link":"https:\/\/csifaudiovisual.es\/?p=661","title":{"rendered":"LA JUSTICIA TAMBI\u00c9N NOS DA LA RAZ\u00d3N. 16 DE FEBRERO: ELECCIONES SINDICALES"},"content":{"rendered":"<p style=\"text-align: left;\"><a href=\"https:\/\/csifaudiovisual.es\/?attachment_id=662\" rel=\"attachment wp-att-662\"><img loading=\"lazy\" decoding=\"async\" class=\"aligncenter wp-image-662 size-thumbnail\" src=\"https:\/\/csifaudiovisual.es\/wp-content\/uploads\/2018\/02\/csifa3n3-150x150.jpg\" alt=\"\" width=\"150\" height=\"150\" srcset=\"https:\/\/csifaudiovisual.es\/wp-content\/uploads\/2018\/02\/csifa3n3-150x150.jpg 150w, https:\/\/csifaudiovisual.es\/wp-content\/uploads\/2018\/02\/csifa3n3-300x300.jpg 300w, https:\/\/csifaudiovisual.es\/wp-content\/uploads\/2018\/02\/csifa3n3.jpg 417w\" sizes=\"auto, (max-width: 150px) 100vw, 150px\" \/><\/a>El Juzgado N\u00ba 5 de lo Social de Madrid, ha vuelto a dar la raz\u00f3n a los trabajadores de Antena 3 Noticias y a CSIF, y se ha reafirmado en el Laudo que ya emiti\u00f3 la Comunidad de Madrid. Esta sentencia es firme y no cabe recurso, por lo que las Elecciones Sindicales se producen sin ning\u00fan tipo de duda sobre su legitimidad.<\/p>\n<p>Ahora, es el momento de hacer fuerte a vuestro primer Comit\u00e9 de Empresa, y volver a manifestar con vuestra asistencia a la Asamblea del mi\u00e9rcoles 14, y vuestro voto el viernes 16, que quer\u00e9is una representaci\u00f3n sindical que pueda dialogar y negociar con la empresa.<\/p>\n<p>Tu voto es imprescindible el viernes, danos tu fuerza para hacerte fuerte, vota a los compa\u00f1eros que han conseguido que tengas un Comit\u00e9 de Empresa.<\/p>\n<p style=\"text-align: center;\"><strong>ACUDE A VOTAR EL VIERNES 16 DE FEBRERO<\/strong><\/p>\n<p style=\"text-align: center;\"><strong>VOTA CSIF<\/strong><\/p>\n<p>PROGRAMA CSIF A3N:\u00a0<a href=\"https:\/\/csifaudiovisual.es\/?attachment_id=663\" rel=\"attachment wp-att-663\"><img loading=\"lazy\" decoding=\"async\" class=\"aligncenter size-thumbnail wp-image-663\" src=\"https:\/\/csifaudiovisual.es\/wp-content\/uploads\/2018\/02\/triptico-1-a3n-150x150.jpg\" alt=\"\" width=\"150\" height=\"150\" \/><\/a><a href=\"https:\/\/csifaudiovisual.es\/?attachment_id=664\" rel=\"attachment wp-att-664\"><img loading=\"lazy\" decoding=\"async\" class=\"aligncenter size-thumbnail wp-image-664\" src=\"https:\/\/csifaudiovisual.es\/wp-content\/uploads\/2018\/02\/triptico-2-a3n-150x150.jpg\" alt=\"\" width=\"150\" height=\"150\" \/><\/a><\/p>\n<p style=\"text-align: right;\">Secci\u00f3n Sindical CSIF A3N<\/p>\n","protected":false},"excerpt":{"rendered":"<p>El Juzgado N\u00ba 5 de lo Social de Madrid, ha vuelto a dar la raz\u00f3n a los trabajadores de Antena 3 Noticias y a CSIF, y se ha reafirmado en <a href=\"https:\/\/csifaudiovisual.es\/?p=661\" class=\"read-more button-fancy -red\"><span class=\"btn-arrow\"><\/span><span class=\"twp-read-more text\">Seguir leyendo<\/span><\/a><\/p>\n","protected":false},"author":2,"featured_media":0,"comment_status":"open","ping_status":"closed","sticky":false,"template":"","format":"standard","meta":{"footnotes":""},"categories":[1],"tags":[],"class_list":["post-661","post","type-post","status-publish","format-standard","hentry","category-noticias"],"_links":{"self":[{"href":"https:\/\/csifaudiovisual.es\/index.php?rest_route=\/wp\/v2\/posts\/661","targetHints":{"allow":["GET"]}}],"collection":[{"href":"https:\/\/csifaudiovisual.es\/index.php?rest_route=\/wp\/v2\/posts"}],"about":[{"href":"https:\/\/csifaudiovisual.es\/index.php?rest_route=\/wp\/v2\/types\/post"}],"author":[{"embeddable":true,"href":"https:\/\/csifaudiovisual.es\/index.php?rest_route=\/wp\/v2\/users\/2"}],"replies":[{"embeddable":true,"href":"https:\/\/csifaudiovisual.es\/index.php?rest_route=%2Fwp%2Fv2%2Fcomments&post=661"}],"version-history":[{"count":2,"href":"https:\/\/csifaudiovisual.es\/index.php?rest_route=\/wp\/v2\/posts\/661\/revisions"}],"predecessor-version":[{"id":666,"href":"https:\/\/csifaudiovisual.es\/index.php?rest_route=\/wp\/v2\/posts\/661\/revisions\/666"}],"wp:attachment":[{"href":"https:\/\/csifaudiovisual.es\/index.php?rest_route=%2Fwp%2Fv2%2Fmedia&parent=661"}],"wp:term":[{"taxonomy":"category","embeddable":true,"href":"https:\/\/csifaudiovisual.es\/index.php?rest_route=%2Fwp%2Fv2%2Fcategories&post=661"},{"taxonomy":"post_tag","embeddable":true,"href":"https:\/\/csifaudiovisual.es\/index.php?rest_route=%2Fwp%2Fv2%2Ftags&post=661"}],"curies":[{"name":"wp","href":"https:\/\/api.w.org\/{rel}","templated":true}]}}