{"id":644,"date":"2018-01-17T11:14:03","date_gmt":"2018-01-17T10:14:03","guid":{"rendered":"http:\/\/a3csif.org\/?p=644"},"modified":"2018-01-17T11:14:03","modified_gmt":"2018-01-17T10:14:03","slug":"antena-3-noticias-elecciones-sindicales-el-16-de-febrero","status":"publish","type":"post","link":"https:\/\/csifaudiovisual.es\/?p=644","title":{"rendered":"ANTENA 3 NOTICIAS: ELECCIONES SINDICALES EL 16 DE FEBRERO"},"content":{"rendered":"<p style=\"text-align: justify;\">El lunes 15 de enero, la Mesa Electoral aprob\u00f3 el calendario del proceso de elecciones sindicales.<\/p>\n<p style=\"text-align: justify;\">El censo se encuentra expuesto con el calendario electoral, en el tabl\u00f3n de anuncios de la redacci\u00f3n de Noticias, junto a los buzones de correo. Comprobad que aparec\u00e9is en \u00e9l, y que vuestros datos son correctos, para poder ejercer vuestro derecho al voto.<\/p>\n<p style=\"text-align: justify;\">Dispon\u00e9is hasta el viernes 19 de enero para hacer reclamaciones al censo. Para ello, deb\u00e9is dirigiros al presidente de la Mesa Electoral.<\/p>\n<p style=\"text-align: justify;\">Para cualquier aclaraci\u00f3n, o para participar en una candidatura plural, independiente y dialogante como la de CSIF, estamos\u00a0a vuestra disposici\u00f3n, de 10:00 a 19:00 h, de lunes a viernes, en el local de<strong> CSIF<\/strong>.<\/p>\n<address><strong><a href=\"mailto:csifa3n@antena3tv.es\">csifa3n@antena3tv.es<\/a><\/strong><\/address>\n<address><a href=\"mailto:a3csif@gmail.com\"><strong>a3csif@gmail.com<\/strong><\/a><\/address>\n<address><strong>916230385<\/strong><\/address>\n<address style=\"padding-left: 330px;\"><strong>SECCI\u00d3N SINDICAL CSIF ANTENA 3 NOTICIAS<\/strong><\/address>\n<address style=\"padding-left: 330px;\"><strong>1<\/strong><strong>6<\/strong><strong>\/1\/18<\/strong><\/address>\n<address>\u00a0<\/address>\n","protected":false},"excerpt":{"rendered":"<p>El lunes 15 de enero, la Mesa Electoral aprob\u00f3 el calendario del proceso de elecciones sindicales. El censo se encuentra expuesto con el calendario electoral, en el tabl\u00f3n de anuncios <a href=\"https:\/\/csifaudiovisual.es\/?p=644\" class=\"read-more button-fancy -red\"><span class=\"btn-arrow\"><\/span><span class=\"twp-read-more text\">Seguir leyendo<\/span><\/a><\/p>\n","protected":false},"author":2,"featured_media":0,"comment_status":"open","ping_status":"closed","sticky":false,"template":"","format":"standard","meta":{"footnotes":""},"categories":[1],"tags":[],"class_list":["post-644","post","type-post","status-publish","format-standard","hentry","category-noticias"],"_links":{"self":[{"href":"https:\/\/csifaudiovisual.es\/index.php?rest_route=\/wp\/v2\/posts\/644","targetHints":{"allow":["GET"]}}],"collection":[{"href":"https:\/\/csifaudiovisual.es\/index.php?rest_route=\/wp\/v2\/posts"}],"about":[{"href":"https:\/\/csifaudiovisual.es\/index.php?rest_route=\/wp\/v2\/types\/post"}],"author":[{"embeddable":true,"href":"https:\/\/csifaudiovisual.es\/index.php?rest_route=\/wp\/v2\/users\/2"}],"replies":[{"embeddable":true,"href":"https:\/\/csifaudiovisual.es\/index.php?rest_route=%2Fwp%2Fv2%2Fcomments&post=644"}],"version-history":[{"count":1,"href":"https:\/\/csifaudiovisual.es\/index.php?rest_route=\/wp\/v2\/posts\/644\/revisions"}],"predecessor-version":[{"id":645,"href":"https:\/\/csifaudiovisual.es\/index.php?rest_route=\/wp\/v2\/posts\/644\/revisions\/645"}],"wp:attachment":[{"href":"https:\/\/csifaudiovisual.es\/index.php?rest_route=%2Fwp%2Fv2%2Fmedia&parent=644"}],"wp:term":[{"taxonomy":"category","embeddable":true,"href":"https:\/\/csifaudiovisual.es\/index.php?rest_route=%2Fwp%2Fv2%2Fcategories&post=644"},{"taxonomy":"post_tag","embeddable":true,"href":"https:\/\/csifaudiovisual.es\/index.php?rest_route=%2Fwp%2Fv2%2Ftags&post=644"}],"curies":[{"name":"wp","href":"https:\/\/api.w.org\/{rel}","templated":true}]}}