{"id":635,"date":"2017-11-14T20:45:18","date_gmt":"2017-11-14T19:45:18","guid":{"rendered":"http:\/\/a3csif.org\/?p=635"},"modified":"2017-11-16T14:21:28","modified_gmt":"2017-11-16T13:21:28","slug":"antena-3-noticias-elecciones-sindicales","status":"publish","type":"post","link":"https:\/\/csifaudiovisual.es\/?p=635","title":{"rendered":"ANTENA 3 NOTICIAS: ELECCIONES SINDICALES"},"content":{"rendered":"<p style=\"text-align: justify;\"><a href=\"https:\/\/csifaudiovisual.es\/wp-content\/uploads\/2017\/11\/A3N-LOGO.jpg\"><img loading=\"lazy\" decoding=\"async\" class=\"aligncenter wp-image-638 \" src=\"https:\/\/csifaudiovisual.es\/wp-content\/uploads\/2017\/11\/A3N-LOGO-300x168.jpg\" alt=\"A3N LOGO\" width=\"195\" height=\"109\" srcset=\"https:\/\/csifaudiovisual.es\/wp-content\/uploads\/2017\/11\/A3N-LOGO-300x168.jpg 300w, https:\/\/csifaudiovisual.es\/wp-content\/uploads\/2017\/11\/A3N-LOGO-1024x576.jpg 1024w, https:\/\/csifaudiovisual.es\/wp-content\/uploads\/2017\/11\/A3N-LOGO.jpg 1920w\" sizes=\"auto, (max-width: 195px) 100vw, 195px\" \/><\/a><\/p>\n<p style=\"text-align: justify;\">En el d\u00eda de ayer se constituy\u00f3 la Mesa Electoral, acto que inicia el proceso que concluir\u00e1, si nada impide vuestro deseo mayoritario, con el primer\u00a0<strong>Comit\u00e9 de Empresa de Antena 3 Noticias.<\/strong><\/p>\n<p style=\"text-align: justify;\">Pese a que,\u00a0<strong>tanto el Grupo de Trabajadores solicitante y CSIF, como CC.OO. y UGT, defendimos la validez y legalidad del m\u00e9todo empleado para la promoci\u00f3n<\/strong>, la empresa argumenta un defecto de forma, por el que ha impugnado el preaviso de elecciones. Dadas estas circunstancias, la Mesa Electoral decidi\u00f3 paralizar el proceso, hasta la resoluci\u00f3n del \u00c1rbitro de la Comunidad de Madrid, que estimamos ser\u00e1 en un mes.<\/p>\n<p style=\"text-align: justify;\"><strong>Queremos\u00a0transmitiros tranquilidad. Si bien es cierto, que cuando algo se somete a la decisi\u00f3n de un tercero,\u00a0todo es posible, en CSIF estamos seguros y\u00a0satisfechos con lo que hab\u00e9is y hemos realizado, convencidos de que en breve estar\u00e9is votando para elegir a vuestros representantes. Entendemos que este escenario no era necesario ni l\u00f3gico ante un derecho fundamental de los trabajadores.<\/strong><\/p>\n<p style=\"text-align: justify;\">Para cualquier aclaraci\u00f3n, o para participar en una candidatura plural, independiente y dialogante como la de CSIF, estamos\u00a0a vuestra disposici\u00f3n, de 10:00 a 19:00 h, de lunes a viernes, en el local de<strong>\u00a0CSIF<\/strong>.<\/p>\n<p style=\"text-align: justify;\">Gracias por la confianza depositada en CSIF.<\/p>\n<address>csifa3n@antena3tv.es<\/address>\n<address style=\"text-align: justify;\">a3csif@gmail.com<\/address>\n<address style=\"text-align: justify;\">916230385<\/address>\n<address style=\"text-align: right;\">SECCI\u00d3N SINDICAL CSIF ANTENA 3 NOTICIAS<\/address>\n<address style=\"text-align: right;\">14\/11\/17<\/address>\n","protected":false},"excerpt":{"rendered":"<p>En el d\u00eda de ayer se constituy\u00f3 la Mesa Electoral, acto que inicia el proceso que concluir\u00e1, si nada impide vuestro deseo mayoritario, con el primer\u00a0Comit\u00e9 de Empresa de Antena <a href=\"https:\/\/csifaudiovisual.es\/?p=635\" class=\"read-more button-fancy -red\"><span class=\"btn-arrow\"><\/span><span class=\"twp-read-more text\">Seguir leyendo<\/span><\/a><\/p>\n","protected":false},"author":2,"featured_media":0,"comment_status":"open","ping_status":"closed","sticky":false,"template":"","format":"standard","meta":{"footnotes":""},"categories":[1],"tags":[],"class_list":["post-635","post","type-post","status-publish","format-standard","hentry","category-noticias"],"_links":{"self":[{"href":"https:\/\/csifaudiovisual.es\/index.php?rest_route=\/wp\/v2\/posts\/635","targetHints":{"allow":["GET"]}}],"collection":[{"href":"https:\/\/csifaudiovisual.es\/index.php?rest_route=\/wp\/v2\/posts"}],"about":[{"href":"https:\/\/csifaudiovisual.es\/index.php?rest_route=\/wp\/v2\/types\/post"}],"author":[{"embeddable":true,"href":"https:\/\/csifaudiovisual.es\/index.php?rest_route=\/wp\/v2\/users\/2"}],"replies":[{"embeddable":true,"href":"https:\/\/csifaudiovisual.es\/index.php?rest_route=%2Fwp%2Fv2%2Fcomments&post=635"}],"version-history":[{"count":4,"href":"https:\/\/csifaudiovisual.es\/index.php?rest_route=\/wp\/v2\/posts\/635\/revisions"}],"predecessor-version":[{"id":640,"href":"https:\/\/csifaudiovisual.es\/index.php?rest_route=\/wp\/v2\/posts\/635\/revisions\/640"}],"wp:attachment":[{"href":"https:\/\/csifaudiovisual.es\/index.php?rest_route=%2Fwp%2Fv2%2Fmedia&parent=635"}],"wp:term":[{"taxonomy":"category","embeddable":true,"href":"https:\/\/csifaudiovisual.es\/index.php?rest_route=%2Fwp%2Fv2%2Fcategories&post=635"},{"taxonomy":"post_tag","embeddable":true,"href":"https:\/\/csifaudiovisual.es\/index.php?rest_route=%2Fwp%2Fv2%2Ftags&post=635"}],"curies":[{"name":"wp","href":"https:\/\/api.w.org\/{rel}","templated":true}]}}