{"id":607,"date":"2017-06-19T12:12:18","date_gmt":"2017-06-19T10:12:18","guid":{"rendered":"http:\/\/a3csif.org\/?p=607"},"modified":"2017-06-19T12:12:18","modified_gmt":"2017-06-19T10:12:18","slug":"convenio-2017-2020-firmado","status":"publish","type":"post","link":"https:\/\/csifaudiovisual.es\/?p=607","title":{"rendered":"CONVENIO 2017 &#8211; 2020 FIRMADO"},"content":{"rendered":"<p style=\"text-align: justify;\">El viernes firmamos el nuevo Convenio, que incluye los requisitos m\u00ednimos que nos transmitisteis en las encuestas que CSI-F puso a vuestra disposici\u00f3n, y que fue aprobado en la votaci\u00f3n del pasado martes en urna. Este sistema fue propuesto por CSI-F, para dar cabida a todos los turnos de trabajo, y evitar la falta de confidencialidad que supone la pr\u00e1ctica habitual de <em>\u201cmano alzada\u201d<\/em>.<\/p>\n<p style=\"text-align: justify;\">Si bien la l\u00ednea de CSI-F en la negociaci\u00f3n se encaminaba a participar de una forma efectiva de los beneficios de la compa\u00f1\u00eda, y a planes de progresi\u00f3n profesional vinculados a prejubilaciones voluntarias incentivadas, una vez que la mayor\u00eda del Comit\u00e9 acept\u00f3 la propuesta final de la empresa, con las aportaciones conseguidas por CSI-F, asumimos que con el modelo de negociaci\u00f3n existente se hab\u00eda llegado al tope, y decidimos trasladar nuestras reivindicaciones a las comisiones correspondientes:<\/p>\n<h3 style=\"text-align: justify;\">&#8211;<strong>Comisi\u00f3n de Prevenci\u00f3n:<\/strong>\u00a0 Plantearemos nuestro firme compromiso con los mayores de 55 a\u00f1os, y el Plan Integral de Movilidad de la compa\u00f1\u00eda.<\/h3>\n<h3 style=\"text-align: justify;\">&#8211;<strong>Comisi\u00f3n de Formaci\u00f3n: <\/strong>Cumpliendo de forma efectiva lo que el Convenio exige de esta Comisi\u00f3n.<\/h3>\n<h3 style=\"text-align: justify;\">&#8211;<strong>Comisi\u00f3n de Vigilancia e Interpretaci\u00f3n del Convenio:<\/strong>\u00a0 Adecuando las funciones que realizamos a las que aparecen en Convenio, seg\u00fan nuestra categor\u00eda.<\/h3>\n<h3 style=\"text-align: justify;\"><strong>-Comisi\u00f3n de Teletrabajo:<\/strong> Insistiendo en nuestra propuesta, ya presentada en junio de 2015.<\/h3>\n<p style=\"text-align: justify;\"><strong>Y por supuesto al pr\u00f3ximo Convenio, si CSI-F obtiene vuestra confianza de forma mayoritaria, para poder plasmar en \u00e9l sistemas que consideramos m\u00e1s ambiciosos.<\/strong><\/p>\n<p style=\"text-align: justify;\">Desde CSI-F seguimos trabajando d\u00eda a d\u00eda, en todo aquello que no ha satisfecho vuestras expectativas en este Convenio, porque podemos incidir en muchos colectivos y casos individuales.<\/p>\n<p style=\"text-align: justify;\">Para ayudarnos a ayudaros, poder mejorar nuestras actuaciones, y manteneros puntualmente informados, seguimos a vuestra disposici\u00f3n a trav\u00e9s de todos nuestros cauces:<\/p>\n<address style=\"text-align: justify;\"><strong>-Local Sindical Comit\u00e9 de Empresa \u2013 CSI-F (Pasillo Infraestructuras, tras Agencia de Viajes)<\/strong><\/address>\n<address style=\"text-align: justify;\"><strong>-Atenci\u00f3n Telef\u00f3nica: 91.623.03.85<\/strong><\/address>\n<address style=\"text-align: justify;\"><strong>-Mail:\u00a0<a href=\"mailto:csi-f@antena3tv.es\">csi-f@antena3tv.es<\/a> \/ <a href=\"mailto:a3csif@gmail.com\">a3csif@gmail.com<\/a><\/strong><\/address>\n<address style=\"text-align: justify;\"><strong>-Web: <a href=\"http:\/\/www.a3csif.org\">www.a3csif.org<\/a><\/strong><\/address>\n<address style=\"text-align: justify;\"><strong>-Facebook:\u00a0<a href=\"http:\/\/www.facebook.com\/a3csif\">www.facebook.com\/a3csif<\/a><\/strong><\/address>\n<address style=\"text-align: justify;\"><strong>-Twitter:\u00a0<a href=\"http:\/\/www.twitter.com\/a3csif\">www.twitter.com\/a3csif<\/a><\/strong><\/address>\n<p style=\"text-align: justify;\">\u00a0<strong>SECCI\u00d3N SINDICAL CSI-F ATRESMEDIA<\/strong><\/p>\n<p style=\"text-align: justify;\">\n","protected":false},"excerpt":{"rendered":"<p>El viernes firmamos el nuevo Convenio, que incluye los requisitos m\u00ednimos que nos transmitisteis en las encuestas que CSI-F puso a vuestra disposici\u00f3n, y que fue aprobado en la votaci\u00f3n <a href=\"https:\/\/csifaudiovisual.es\/?p=607\" class=\"read-more button-fancy -red\"><span class=\"btn-arrow\"><\/span><span class=\"twp-read-more text\">Seguir leyendo<\/span><\/a><\/p>\n","protected":false},"author":2,"featured_media":0,"comment_status":"open","ping_status":"closed","sticky":false,"template":"","format":"standard","meta":{"footnotes":""},"categories":[1],"tags":[],"class_list":["post-607","post","type-post","status-publish","format-standard","hentry","category-noticias"],"_links":{"self":[{"href":"https:\/\/csifaudiovisual.es\/index.php?rest_route=\/wp\/v2\/posts\/607","targetHints":{"allow":["GET"]}}],"collection":[{"href":"https:\/\/csifaudiovisual.es\/index.php?rest_route=\/wp\/v2\/posts"}],"about":[{"href":"https:\/\/csifaudiovisual.es\/index.php?rest_route=\/wp\/v2\/types\/post"}],"author":[{"embeddable":true,"href":"https:\/\/csifaudiovisual.es\/index.php?rest_route=\/wp\/v2\/users\/2"}],"replies":[{"embeddable":true,"href":"https:\/\/csifaudiovisual.es\/index.php?rest_route=%2Fwp%2Fv2%2Fcomments&post=607"}],"version-history":[{"count":1,"href":"https:\/\/csifaudiovisual.es\/index.php?rest_route=\/wp\/v2\/posts\/607\/revisions"}],"predecessor-version":[{"id":608,"href":"https:\/\/csifaudiovisual.es\/index.php?rest_route=\/wp\/v2\/posts\/607\/revisions\/608"}],"wp:attachment":[{"href":"https:\/\/csifaudiovisual.es\/index.php?rest_route=%2Fwp%2Fv2%2Fmedia&parent=607"}],"wp:term":[{"taxonomy":"category","embeddable":true,"href":"https:\/\/csifaudiovisual.es\/index.php?rest_route=%2Fwp%2Fv2%2Fcategories&post=607"},{"taxonomy":"post_tag","embeddable":true,"href":"https:\/\/csifaudiovisual.es\/index.php?rest_route=%2Fwp%2Fv2%2Ftags&post=607"}],"curies":[{"name":"wp","href":"https:\/\/api.w.org\/{rel}","templated":true}]}}