{"id":562,"date":"2016-02-26T13:20:05","date_gmt":"2016-02-26T12:20:05","guid":{"rendered":"http:\/\/a3csif.org\/?p=562"},"modified":"2016-02-26T13:20:05","modified_gmt":"2016-02-26T12:20:05","slug":"atresmedia-aprueba-una-gratificacion-extraordinaria-para-la-plantilla","status":"publish","type":"post","link":"https:\/\/csifaudiovisual.es\/?p=562","title":{"rendered":"ATRESMEDIA APRUEBA UNA GRATIFICACI\u00d3N EXTRAORDINARIA PARA LA PLANTILLA"},"content":{"rendered":"<p style=\"text-align: justify;\">Desde la Secci\u00f3n Sindical de CSI-F, como ya hemos hecho saber personalmente a la Direcci\u00f3n de la Compa\u00f1\u00eda, apoyamos y agradecemos el gesto realizado, con el que se nos hace part\u00edcipes de los resultados obtenidos en 2015, y se reconoce el buen hacer, compromiso y profesionalidad de los trabajadores de Atresmedia.<\/p>\n<p style=\"text-align: justify;\">No cabe otra lectura por parte de CSI-F, ya que como hicimos p\u00fablico, el 1 de junio de 2015 llevamos oficialmente al Comit\u00e9 de Empresa una propuesta, para solicitar a la Compa\u00f1\u00eda la participaci\u00f3n de los trabajadores en los buenos resultados obtenidos, con una retribuci\u00f3n a negociar, que mejorase la situaci\u00f3n de congelaci\u00f3n econ\u00f3mica. Como sab\u00e9is, esta propuesta no fue aprobada por el otro sindicato. (Punto 5 del Acta del Pleno del Comit\u00e9 de Empresa).<\/p>\n<p style=\"text-align: justify;\"><a href=\"https:\/\/csifaudiovisual.es\/wp-content\/uploads\/2016\/02\/Acta-Pleno-Constitucion-Comite-Atresmedia-2015.pdf\">Acta Pleno Constitucion Comite Atresmedia 2015<\/a><\/p>\n<p style=\"text-align: justify;\">Como<strong> siempre<\/strong> hemos mantenido desde nuestra Secci\u00f3n Sindical, seguimos abiertos a negociar en todos los \u00e1mbitos las condiciones laborales de los trabajadores de Atresmedia, con la misma voluntad, formas, di\u00e1logo y entendimiento que <strong>siempre<\/strong> hemos demostrado.<\/p>\n<p style=\"text-align: justify;\">25\/2\/16<\/p>\n","protected":false},"excerpt":{"rendered":"<p>Desde la Secci\u00f3n Sindical de CSI-F, como ya hemos hecho saber personalmente a la Direcci\u00f3n de la Compa\u00f1\u00eda, apoyamos y agradecemos el gesto realizado, con el que se nos hace <a href=\"https:\/\/csifaudiovisual.es\/?p=562\" class=\"read-more button-fancy -red\"><span class=\"btn-arrow\"><\/span><span class=\"twp-read-more text\">Seguir leyendo<\/span><\/a><\/p>\n","protected":false},"author":2,"featured_media":0,"comment_status":"open","ping_status":"closed","sticky":false,"template":"","format":"standard","meta":{"footnotes":""},"categories":[1],"tags":[],"class_list":["post-562","post","type-post","status-publish","format-standard","hentry","category-noticias"],"_links":{"self":[{"href":"https:\/\/csifaudiovisual.es\/index.php?rest_route=\/wp\/v2\/posts\/562","targetHints":{"allow":["GET"]}}],"collection":[{"href":"https:\/\/csifaudiovisual.es\/index.php?rest_route=\/wp\/v2\/posts"}],"about":[{"href":"https:\/\/csifaudiovisual.es\/index.php?rest_route=\/wp\/v2\/types\/post"}],"author":[{"embeddable":true,"href":"https:\/\/csifaudiovisual.es\/index.php?rest_route=\/wp\/v2\/users\/2"}],"replies":[{"embeddable":true,"href":"https:\/\/csifaudiovisual.es\/index.php?rest_route=%2Fwp%2Fv2%2Fcomments&post=562"}],"version-history":[{"count":1,"href":"https:\/\/csifaudiovisual.es\/index.php?rest_route=\/wp\/v2\/posts\/562\/revisions"}],"predecessor-version":[{"id":563,"href":"https:\/\/csifaudiovisual.es\/index.php?rest_route=\/wp\/v2\/posts\/562\/revisions\/563"}],"wp:attachment":[{"href":"https:\/\/csifaudiovisual.es\/index.php?rest_route=%2Fwp%2Fv2%2Fmedia&parent=562"}],"wp:term":[{"taxonomy":"category","embeddable":true,"href":"https:\/\/csifaudiovisual.es\/index.php?rest_route=%2Fwp%2Fv2%2Fcategories&post=562"},{"taxonomy":"post_tag","embeddable":true,"href":"https:\/\/csifaudiovisual.es\/index.php?rest_route=%2Fwp%2Fv2%2Ftags&post=562"}],"curies":[{"name":"wp","href":"https:\/\/api.w.org\/{rel}","templated":true}]}}