{"id":537,"date":"2015-06-15T17:18:55","date_gmt":"2015-06-15T15:18:55","guid":{"rendered":"http:\/\/a3csif.org\/?p=537"},"modified":"2015-06-15T17:18:55","modified_gmt":"2015-06-15T15:18:55","slug":"reunion-plan-de-teletrabajo-12615","status":"publish","type":"post","link":"https:\/\/csifaudiovisual.es\/?p=537","title":{"rendered":"REUNI\u00d3N PLAN DE TELETRABAJO 12\/6\/15"},"content":{"rendered":"<p style=\"text-align: justify;\">El pasado viernes se retomaron las reuniones con la empresa para la negociaci\u00f3n del Plan de Teletrabajo en Atresmedia, en el seno de la Comisi\u00f3n de Igualdad y Conciliaci\u00f3n.<\/p>\n<p style=\"text-align: justify;\">@a3csif entregamos una propuesta seria y desarrollada, para la implantaci\u00f3n del plan lo antes posible, y cuyos puntos principales son:<\/p>\n<p style=\"text-align: justify;\">\u00a0-Voluntariedad en el acceso al plan.<\/p>\n<p style=\"text-align: justify;\">-Reversibilidad al trabajo presencial a petici\u00f3n del trabajador o la empresa.<\/p>\n<p style=\"text-align: justify;\">-Elecci\u00f3n de l@s candidat@s siguiendo criterios de problemas para la conciliaci\u00f3n.<\/p>\n<p style=\"text-align: justify;\">-Formaci\u00f3n de l@s trabajador@s para su nueva situaci\u00f3n.<\/p>\n<p style=\"text-align: justify;\">-Herramientas para el teletrabajo a cargo de la empresa, siempre que sea necesario.<\/p>\n<p style=\"text-align: justify;\">-Garant\u00eda de igualdad de derechos y oportunidades con el resto de trabajador@s.<\/p>\n<p style=\"text-align: justify;\">-Cumplimiento de las Leyes de Prevenci\u00f3n y Protecci\u00f3n de Datos.<\/p>\n<p style=\"text-align: justify;\">La empresa se comprometi\u00f3 a responder nuestra propuesta pr\u00f3ximamente, de lo que os mantendremos informados.<\/p>\n<p style=\"text-align: justify;\">Adjuntamos la propuesta completa de CSI-F en el correo electr\u00f3nico, y tambi\u00e9n est\u00e1 disponible en nuestra web a3csif.org.<\/p>\n<p style=\"text-align: justify;\"><a href=\"https:\/\/csifaudiovisual.es\/wp-content\/uploads\/2015\/06\/Lineas-Generales-Teletrabajo-Atresmedia-CSIF-Junio-2015.pdf\">Lineas Generales Teletrabajo Atresmedia CSIF Junio 2015<\/a><\/p>\n","protected":false},"excerpt":{"rendered":"<p>El pasado viernes se retomaron las reuniones con la empresa para la negociaci\u00f3n del Plan de Teletrabajo en Atresmedia, en el seno de la Comisi\u00f3n de Igualdad y Conciliaci\u00f3n. @a3csif <a href=\"https:\/\/csifaudiovisual.es\/?p=537\" class=\"read-more button-fancy -red\"><span class=\"btn-arrow\"><\/span><span class=\"twp-read-more text\">Seguir leyendo<\/span><\/a><\/p>\n","protected":false},"author":2,"featured_media":0,"comment_status":"open","ping_status":"closed","sticky":false,"template":"","format":"standard","meta":{"footnotes":""},"categories":[1],"tags":[],"class_list":["post-537","post","type-post","status-publish","format-standard","hentry","category-noticias"],"_links":{"self":[{"href":"https:\/\/csifaudiovisual.es\/index.php?rest_route=\/wp\/v2\/posts\/537","targetHints":{"allow":["GET"]}}],"collection":[{"href":"https:\/\/csifaudiovisual.es\/index.php?rest_route=\/wp\/v2\/posts"}],"about":[{"href":"https:\/\/csifaudiovisual.es\/index.php?rest_route=\/wp\/v2\/types\/post"}],"author":[{"embeddable":true,"href":"https:\/\/csifaudiovisual.es\/index.php?rest_route=\/wp\/v2\/users\/2"}],"replies":[{"embeddable":true,"href":"https:\/\/csifaudiovisual.es\/index.php?rest_route=%2Fwp%2Fv2%2Fcomments&post=537"}],"version-history":[{"count":1,"href":"https:\/\/csifaudiovisual.es\/index.php?rest_route=\/wp\/v2\/posts\/537\/revisions"}],"predecessor-version":[{"id":539,"href":"https:\/\/csifaudiovisual.es\/index.php?rest_route=\/wp\/v2\/posts\/537\/revisions\/539"}],"wp:attachment":[{"href":"https:\/\/csifaudiovisual.es\/index.php?rest_route=%2Fwp%2Fv2%2Fmedia&parent=537"}],"wp:term":[{"taxonomy":"category","embeddable":true,"href":"https:\/\/csifaudiovisual.es\/index.php?rest_route=%2Fwp%2Fv2%2Fcategories&post=537"},{"taxonomy":"post_tag","embeddable":true,"href":"https:\/\/csifaudiovisual.es\/index.php?rest_route=%2Fwp%2Fv2%2Ftags&post=537"}],"curies":[{"name":"wp","href":"https:\/\/api.w.org\/{rel}","templated":true}]}}