{"id":533,"date":"2015-06-01T11:49:33","date_gmt":"2015-06-01T09:49:33","guid":{"rendered":"http:\/\/a3csif.org\/?p=533"},"modified":"2015-06-01T11:49:33","modified_gmt":"2015-06-01T09:49:33","slug":"propuestas-a3csif-pleno-de-constitucion-del-comite","status":"publish","type":"post","link":"https:\/\/csifaudiovisual.es\/?p=533","title":{"rendered":"PROPUESTAS A3CSIF PLENO DE CONSTITUCI\u00d3N DEL COMIT\u00c9"},"content":{"rendered":"<p style=\"text-align: justify;\">En el d\u00eda de hoy tendr\u00e1 lugar el Pleno de Constituci\u00f3n del Comit\u00e9 de Empresa. Siguiendo nuestra l\u00ednea habitual, hacemos p\u00fablicas las propuestas que llevaremos a la reuni\u00f3n.<\/p>\n<p style=\"text-align: justify;\"><strong>1.- Mejora de condiciones econ\u00f3micas para los trabajadores de Atresmedia:<\/strong> Instar inmediatamente a la empresa para abrir una mesa de negociaci\u00f3n econ\u00f3mica, con el fin de que los trabajadores participemos de los buenos resultados de la compa\u00f1\u00eda con un incremento salarial, en forma y cuant\u00eda a decidir por todas las partes, que mejore la situaci\u00f3n de congelaci\u00f3n actual.<\/p>\n<p style=\"text-align: justify;\"><strong>2.- Nombramientos en el Comit\u00e9 de Empresa: <\/strong>Solicitamos la Secretar\u00eda del Comit\u00e9 en la persona de \u00d3scar Plaza.<\/p>\n<p style=\"text-align: justify;\"><strong>3.- Reglamento de funcionamiento:<\/strong> Proponemos el mantenimiento del Reglamento aprobado por el Pleno del Comit\u00e9 de Empresa con fecha 15\/10\/14.<\/p>\n<p style=\"text-align: justify;\"><strong>4.<\/strong>&#8211; <strong>Creaci\u00f3n nuevas Comisiones de Trabajo:<\/strong> Atendiendo a la inclusi\u00f3n en el Orden del d\u00eda, a propuesta de CC.OO., de la creaci\u00f3n de una <strong>Comisi\u00f3n de Trabajo de Comunicaci\u00f3n con la plantilla<\/strong>, debemos <strong>abstenernos<\/strong>, remiti\u00e9ndonos a lo ya establecido al respecto en el Reglamento Interno de Funcionamiento.<\/p>\n<p style=\"text-align: justify;\">Proponemos, como medida prioritaria, instar a la empresa para la creaci\u00f3n de la <strong>Comisi\u00f3n Mixta Paritaria de Puesto de Trabajo<\/strong>, para adecuar la categor\u00eda profesional de cada trabajador a las funciones reales que desempe\u00f1a, establecer mecanismos de movilidad funcional voluntaria, y estudiar de cara al pr\u00f3ximo Convenio una reestructuraci\u00f3n de categor\u00edas profesionales y sus funciones.<\/p>\n<p><a href=\"https:\/\/csifaudiovisual.es\/wp-content\/uploads\/2015\/06\/CSIF-COMISIONES-TRABAJO-2015.jpg\"><img loading=\"lazy\" decoding=\"async\" class=\"aligncenter size-full wp-image-534\" src=\"https:\/\/csifaudiovisual.es\/wp-content\/uploads\/2015\/06\/CSIF-COMISIONES-TRABAJO-2015.jpg\" alt=\"CSIF COMISIONES TRABAJO 2015\" width=\"688\" height=\"227\" srcset=\"https:\/\/csifaudiovisual.es\/wp-content\/uploads\/2015\/06\/CSIF-COMISIONES-TRABAJO-2015.jpg 688w, https:\/\/csifaudiovisual.es\/wp-content\/uploads\/2015\/06\/CSIF-COMISIONES-TRABAJO-2015-300x98.jpg 300w\" sizes=\"auto, (max-width: 688px) 100vw, 688px\" \/><\/a><\/p>\n<p>&nbsp;<\/p>\n<p>1\/6\/2015<\/p>\n","protected":false},"excerpt":{"rendered":"<p>En el d\u00eda de hoy tendr\u00e1 lugar el Pleno de Constituci\u00f3n del Comit\u00e9 de Empresa. Siguiendo nuestra l\u00ednea habitual, hacemos p\u00fablicas las propuestas que llevaremos a la reuni\u00f3n. 1.- Mejora <a href=\"https:\/\/csifaudiovisual.es\/?p=533\" class=\"read-more button-fancy -red\"><span class=\"btn-arrow\"><\/span><span class=\"twp-read-more text\">Seguir leyendo<\/span><\/a><\/p>\n","protected":false},"author":2,"featured_media":0,"comment_status":"open","ping_status":"closed","sticky":false,"template":"","format":"standard","meta":{"footnotes":""},"categories":[1],"tags":[],"class_list":["post-533","post","type-post","status-publish","format-standard","hentry","category-noticias"],"_links":{"self":[{"href":"https:\/\/csifaudiovisual.es\/index.php?rest_route=\/wp\/v2\/posts\/533","targetHints":{"allow":["GET"]}}],"collection":[{"href":"https:\/\/csifaudiovisual.es\/index.php?rest_route=\/wp\/v2\/posts"}],"about":[{"href":"https:\/\/csifaudiovisual.es\/index.php?rest_route=\/wp\/v2\/types\/post"}],"author":[{"embeddable":true,"href":"https:\/\/csifaudiovisual.es\/index.php?rest_route=\/wp\/v2\/users\/2"}],"replies":[{"embeddable":true,"href":"https:\/\/csifaudiovisual.es\/index.php?rest_route=%2Fwp%2Fv2%2Fcomments&post=533"}],"version-history":[{"count":1,"href":"https:\/\/csifaudiovisual.es\/index.php?rest_route=\/wp\/v2\/posts\/533\/revisions"}],"predecessor-version":[{"id":535,"href":"https:\/\/csifaudiovisual.es\/index.php?rest_route=\/wp\/v2\/posts\/533\/revisions\/535"}],"wp:attachment":[{"href":"https:\/\/csifaudiovisual.es\/index.php?rest_route=%2Fwp%2Fv2%2Fmedia&parent=533"}],"wp:term":[{"taxonomy":"category","embeddable":true,"href":"https:\/\/csifaudiovisual.es\/index.php?rest_route=%2Fwp%2Fv2%2Fcategories&post=533"},{"taxonomy":"post_tag","embeddable":true,"href":"https:\/\/csifaudiovisual.es\/index.php?rest_route=%2Fwp%2Fv2%2Ftags&post=533"}],"curies":[{"name":"wp","href":"https:\/\/api.w.org\/{rel}","templated":true}]}}