{"id":521,"date":"2015-04-29T14:03:13","date_gmt":"2015-04-29T12:03:13","guid":{"rendered":"http:\/\/a3csif.org\/?p=521"},"modified":"2015-04-29T14:03:13","modified_gmt":"2015-04-29T12:03:13","slug":"avanza-vota-csi-f","status":"publish","type":"post","link":"https:\/\/csifaudiovisual.es\/?p=521","title":{"rendered":"AVANZA. VOTA CSI-F"},"content":{"rendered":"<p><a href=\"https:\/\/csifaudiovisual.es\/wp-content\/uploads\/2015\/04\/cartel-2015-2.jpg\"><img loading=\"lazy\" decoding=\"async\" class=\"aligncenter size-full wp-image-522\" src=\"https:\/\/csifaudiovisual.es\/wp-content\/uploads\/2015\/04\/cartel-2015-2.jpg\" alt=\"cartel 2015 (2)\" width=\"3508\" height=\"4961\" srcset=\"https:\/\/csifaudiovisual.es\/wp-content\/uploads\/2015\/04\/cartel-2015-2.jpg 3508w, https:\/\/csifaudiovisual.es\/wp-content\/uploads\/2015\/04\/cartel-2015-2-212x300.jpg 212w, https:\/\/csifaudiovisual.es\/wp-content\/uploads\/2015\/04\/cartel-2015-2-724x1024.jpg 724w\" sizes=\"auto, (max-width: 3508px) 100vw, 3508px\" \/><\/a><\/p>\n<p style=\"text-align: justify;\">En a3csif somos compa\u00f1eros COMPROMETIDOS, INDEPENDIENTES y capacitados para representarte, con el \u00fanico inter\u00e9s de hacer las cosas de forma diferente, desde la TRANSPARENCIA y el DI\u00c1LOGO.<\/p>\n<p style=\"text-align: justify;\">En a3csif acudimos a \u00e9stas elecciones sindicales con la satisfacci\u00f3n por el apoyo que nos hab\u00e9is mostrado por el trabajo de los \u00faltimos cuatro a\u00f1os. Tenemos la ilusi\u00f3n de conseguir la mayor\u00eda en el Comit\u00e9, para llevar a cabo todo nuestro programa, que hemos elaborado junto a vosotr@s.<\/p>\n<p style=\"text-align: justify;\">M\u00e1s all\u00e1 de las mejoras que hemos conseguido desde la confianza que depositasteis en nosotr@s, es preciso un cambio definitivo en el Comit\u00e9 de Empresa, para negociar de una forma tan dialogante como firme, mejorar las condiciones econ\u00f3micas por las concesiones que se han hecho a cambio de nada, y estabilizar el empleo como m\u00e1xima prioridad.<\/p>\n<p style=\"text-align: justify;\">Adjuntamos nuestro tr\u00edptico con el programa de a3csif, y te animamos a asistir a la Asamblea Informativa del martes 5 de mayo a las 16:00 h en el Sal\u00f3n de Actos, para contarte lo que hemos hecho durante estos cuatro a\u00f1os y lo que queremos hacer con tu apoyo.<\/p>\n<p><a href=\"https:\/\/csifaudiovisual.es\/wp-content\/uploads\/2015\/04\/triptico2015B-1.jpg\"><img loading=\"lazy\" decoding=\"async\" class=\"aligncenter size-full wp-image-523\" src=\"https:\/\/csifaudiovisual.es\/wp-content\/uploads\/2015\/04\/triptico2015B-1.jpg\" alt=\"triptico2015B (1)\" width=\"3508\" height=\"2480\" srcset=\"https:\/\/csifaudiovisual.es\/wp-content\/uploads\/2015\/04\/triptico2015B-1.jpg 3508w, https:\/\/csifaudiovisual.es\/wp-content\/uploads\/2015\/04\/triptico2015B-1-300x212.jpg 300w, https:\/\/csifaudiovisual.es\/wp-content\/uploads\/2015\/04\/triptico2015B-1-1024x723.jpg 1024w\" sizes=\"auto, (max-width: 3508px) 100vw, 3508px\" \/><\/a> <a href=\"https:\/\/csifaudiovisual.es\/wp-content\/uploads\/2015\/04\/triptico2015A-2.jpg\"><img loading=\"lazy\" decoding=\"async\" class=\"aligncenter size-full wp-image-524\" src=\"https:\/\/csifaudiovisual.es\/wp-content\/uploads\/2015\/04\/triptico2015A-2.jpg\" alt=\"triptico2015A (2)\" width=\"3508\" height=\"2480\" srcset=\"https:\/\/csifaudiovisual.es\/wp-content\/uploads\/2015\/04\/triptico2015A-2.jpg 3508w, https:\/\/csifaudiovisual.es\/wp-content\/uploads\/2015\/04\/triptico2015A-2-300x212.jpg 300w, https:\/\/csifaudiovisual.es\/wp-content\/uploads\/2015\/04\/triptico2015A-2-1024x723.jpg 1024w\" sizes=\"auto, (max-width: 3508px) 100vw, 3508px\" \/><\/a><\/p>\n<p>&nbsp;<\/p>\n","protected":false},"excerpt":{"rendered":"<p>En a3csif somos compa\u00f1eros COMPROMETIDOS, INDEPENDIENTES y capacitados para representarte, con el \u00fanico inter\u00e9s de hacer las cosas de forma diferente, desde la TRANSPARENCIA y el DI\u00c1LOGO. En a3csif acudimos <a href=\"https:\/\/csifaudiovisual.es\/?p=521\" class=\"read-more button-fancy -red\"><span class=\"btn-arrow\"><\/span><span class=\"twp-read-more text\">Seguir leyendo<\/span><\/a><\/p>\n","protected":false},"author":2,"featured_media":0,"comment_status":"open","ping_status":"closed","sticky":false,"template":"","format":"standard","meta":{"footnotes":""},"categories":[1],"tags":[],"class_list":["post-521","post","type-post","status-publish","format-standard","hentry","category-noticias"],"_links":{"self":[{"href":"https:\/\/csifaudiovisual.es\/index.php?rest_route=\/wp\/v2\/posts\/521","targetHints":{"allow":["GET"]}}],"collection":[{"href":"https:\/\/csifaudiovisual.es\/index.php?rest_route=\/wp\/v2\/posts"}],"about":[{"href":"https:\/\/csifaudiovisual.es\/index.php?rest_route=\/wp\/v2\/types\/post"}],"author":[{"embeddable":true,"href":"https:\/\/csifaudiovisual.es\/index.php?rest_route=\/wp\/v2\/users\/2"}],"replies":[{"embeddable":true,"href":"https:\/\/csifaudiovisual.es\/index.php?rest_route=%2Fwp%2Fv2%2Fcomments&post=521"}],"version-history":[{"count":1,"href":"https:\/\/csifaudiovisual.es\/index.php?rest_route=\/wp\/v2\/posts\/521\/revisions"}],"predecessor-version":[{"id":525,"href":"https:\/\/csifaudiovisual.es\/index.php?rest_route=\/wp\/v2\/posts\/521\/revisions\/525"}],"wp:attachment":[{"href":"https:\/\/csifaudiovisual.es\/index.php?rest_route=%2Fwp%2Fv2%2Fmedia&parent=521"}],"wp:term":[{"taxonomy":"category","embeddable":true,"href":"https:\/\/csifaudiovisual.es\/index.php?rest_route=%2Fwp%2Fv2%2Fcategories&post=521"},{"taxonomy":"post_tag","embeddable":true,"href":"https:\/\/csifaudiovisual.es\/index.php?rest_route=%2Fwp%2Fv2%2Ftags&post=521"}],"curies":[{"name":"wp","href":"https:\/\/api.w.org\/{rel}","templated":true}]}}