{"id":406,"date":"2013-05-07T12:19:10","date_gmt":"2013-05-07T14:19:10","guid":{"rendered":"http:\/\/a3csif.org\/?p=406"},"modified":"2013-05-07T12:44:47","modified_gmt":"2013-05-07T14:44:47","slug":"nota-informativa-46-pago-de-atrasos-2009-y-2010","status":"publish","type":"post","link":"https:\/\/csifaudiovisual.es\/?p=406","title":{"rendered":"NOTA INFORMATIVA 46: PAGO DE ATRASOS 2009 Y 2010"},"content":{"rendered":"<p style=\"text-align: justify;\">Con motivo de las muchas solicitudes de informaci\u00f3n que recibimos, respecto al pago del acuerdo extrajudicial de los IPC incluido en el nuevo Convenio, en CSI-F hemos aclarado varios matices con la empresa para poder transmit\u00edroslos.<\/p>\n<p style=\"text-align: justify;\">1.- El primer pago para los trabajadores en plantilla de Antena 3, se producir\u00e1 con la n\u00f3mina de mayo (27\/5\/2013).<\/p>\n<p style=\"text-align: justify;\">2.- Los trabajadores externalizados o despedidos, que estuvieran en plantilla los a\u00f1os 2009 y 2010, cobrar\u00e1n sus atrasos una vez que hayan confirmado su n\u00famero de cuenta, bien personalmente en RR.HH., o bien por correo electr\u00f3nico en la direcci\u00f3n <a href=\"mailto:crodriguez@atresmedia.com\">crodriguez@atresmedia.com<\/a>.<\/p>\n<p style=\"text-align: justify;\">Para que todos pod\u00e1is aclarar cualquier duda, adjuntamos el texto del acuerdo extrajudicial sobre los IPC, adem\u00e1s de como siempre, atender todas vuestras inquietudes en nuestro local sindical.<\/p>\n<p style=\"text-align: justify;\"><a href=\"https:\/\/csifaudiovisual.es\/wp-content\/uploads\/2013\/05\/ACUERDO-EXTRAJUDICIAL-CONFLICTO-IPC.pdf\">ACUERDO EXTRAJUDICIAL CONFLICTO IPC<\/a><\/p>\n","protected":false},"excerpt":{"rendered":"<p>Con motivo de las muchas solicitudes de informaci\u00f3n que recibimos, respecto al pago del acuerdo extrajudicial de los IPC incluido en el nuevo Convenio, en CSI-F hemos aclarado varios matices <a href=\"https:\/\/csifaudiovisual.es\/?p=406\" class=\"read-more button-fancy -red\"><span class=\"btn-arrow\"><\/span><span class=\"twp-read-more text\">Seguir leyendo<\/span><\/a><\/p>\n","protected":false},"author":2,"featured_media":0,"comment_status":"open","ping_status":"closed","sticky":false,"template":"","format":"standard","meta":{"footnotes":""},"categories":[1],"tags":[],"class_list":["post-406","post","type-post","status-publish","format-standard","hentry","category-noticias"],"_links":{"self":[{"href":"https:\/\/csifaudiovisual.es\/index.php?rest_route=\/wp\/v2\/posts\/406","targetHints":{"allow":["GET"]}}],"collection":[{"href":"https:\/\/csifaudiovisual.es\/index.php?rest_route=\/wp\/v2\/posts"}],"about":[{"href":"https:\/\/csifaudiovisual.es\/index.php?rest_route=\/wp\/v2\/types\/post"}],"author":[{"embeddable":true,"href":"https:\/\/csifaudiovisual.es\/index.php?rest_route=\/wp\/v2\/users\/2"}],"replies":[{"embeddable":true,"href":"https:\/\/csifaudiovisual.es\/index.php?rest_route=%2Fwp%2Fv2%2Fcomments&post=406"}],"version-history":[{"count":2,"href":"https:\/\/csifaudiovisual.es\/index.php?rest_route=\/wp\/v2\/posts\/406\/revisions"}],"predecessor-version":[{"id":409,"href":"https:\/\/csifaudiovisual.es\/index.php?rest_route=\/wp\/v2\/posts\/406\/revisions\/409"}],"wp:attachment":[{"href":"https:\/\/csifaudiovisual.es\/index.php?rest_route=%2Fwp%2Fv2%2Fmedia&parent=406"}],"wp:term":[{"taxonomy":"category","embeddable":true,"href":"https:\/\/csifaudiovisual.es\/index.php?rest_route=%2Fwp%2Fv2%2Fcategories&post=406"},{"taxonomy":"post_tag","embeddable":true,"href":"https:\/\/csifaudiovisual.es\/index.php?rest_route=%2Fwp%2Fv2%2Ftags&post=406"}],"curies":[{"name":"wp","href":"https:\/\/api.w.org\/{rel}","templated":true}]}}